{"id":275,"date":"2014-03-17T16:35:48","date_gmt":"2014-03-17T16:35:48","guid":{"rendered":"http:\/\/parcdesheros.org\/?p=275"},"modified":"2014-03-17T16:39:06","modified_gmt":"2014-03-17T16:39:06","slug":"le-regiment-du-black-watch-et-le-comite-des-heros-honorent-le-spvm","status":"publish","type":"post","link":"https:\/\/www.heroesparkbeaconsfield.org\/fr\/le-regiment-du-black-watch-et-le-comite-des-heros-honorent-le-spvm\/","title":{"rendered":"Le r\u00e9giment du black watch et le comit\u00e9 des h\u00e9ros honorent le SPVM"},"content":{"rendered":"<p>Le 15 f\u00e9vrier dernier, le SPVM a \u00e9t\u00e9 honor\u00e9 \u00e0 l\u2019occasion de la 4e \u00e9dition du Highland Dinner du Black Watch Royal Highland Regiment of Canada. En cette ann\u00e9e comm\u00e9morative de la Premi\u00e8re Grande Guerre, le R\u00e9giment a accord\u00e9 son appui au Comit\u00e9 des H\u00e9ros. \u00c0 l\u2019occasion de cette soir\u00e9e, les membres du r\u00e9giment et ceux du Comit\u00e9 des H\u00e9ros ont invit\u00e9 M. Patrick Lalonde, assistant-directeur du Service \u00e0 la communaut\u00e9 de la r\u00e9gion Ouest, \u00e0 pr\u00e9senter les raisons qui motivent le SPVM \u00e0 soutenir le projet du Parc des H\u00e9ros.<\/p>\n<figure id=\"attachment_276\" aria-describedby=\"caption-attachment-276\" style=\"width: 707px\" class=\"wp-caption alignnone\"><img data-recalc-dims=\"1\" decoding=\"async\" data-attachment-id=\"276\" data-permalink=\"https:\/\/www.heroesparkbeaconsfield.org\/fr\/le-regiment-du-black-watch-et-le-comite-des-heros-honorent-le-spvm\/2014-03-17_123131\/\" data-orig-file=\"https:\/\/i0.wp.com\/www.heroesparkbeaconsfield.org\/fr\/wp-content\/uploads\/2014\/03\/2014-03-17_123131.jpg?fit=707%2C334&amp;ssl=1\" data-orig-size=\"707,334\" data-comments-opened=\"1\" data-image-meta=\"{&quot;aperture&quot;:&quot;0&quot;,&quot;credit&quot;:&quot;&quot;,&quot;camera&quot;:&quot;&quot;,&quot;caption&quot;:&quot;&quot;,&quot;created_timestamp&quot;:&quot;0&quot;,&quot;copyright&quot;:&quot;&quot;,&quot;focal_length&quot;:&quot;0&quot;,&quot;iso&quot;:&quot;0&quot;,&quot;shutter_speed&quot;:&quot;0&quot;,&quot;title&quot;:&quot;&quot;}\" data-image-title=\"2014-03-17_123131\" data-image-description=\"\" data-image-caption=\"&lt;p&gt;Le SPVM \u00e0 l\u2019honneur lors de la 4e \u00e9dition du Highland Dinner du Black Watch Royal Highland Regiment of Canada&lt;\/p&gt;\n\" data-medium-file=\"https:\/\/i0.wp.com\/www.heroesparkbeaconsfield.org\/fr\/wp-content\/uploads\/2014\/03\/2014-03-17_123131.jpg?fit=300%2C141&amp;ssl=1\" data-large-file=\"https:\/\/i0.wp.com\/www.heroesparkbeaconsfield.org\/fr\/wp-content\/uploads\/2014\/03\/2014-03-17_123131.jpg?fit=660%2C312&amp;ssl=1\" src=\"https:\/\/i0.wp.com\/parcdesheros.org\/wp-content\/uploads\/2014\/03\/2014-03-17_123131.jpg?w=660\" alt=\"Le SPVM \u00e0 l\u2019honneur lors de la 4e \u00e9dition du Highland Dinner du Black Watch Royal Highland Regiment of Canada\"  class=\"size-full wp-image-276\" srcset=\"https:\/\/i0.wp.com\/www.heroesparkbeaconsfield.org\/fr\/wp-content\/uploads\/2014\/03\/2014-03-17_123131.jpg?w=707&amp;ssl=1 707w, https:\/\/i0.wp.com\/www.heroesparkbeaconsfield.org\/fr\/wp-content\/uploads\/2014\/03\/2014-03-17_123131.jpg?resize=300%2C141&amp;ssl=1 300w, https:\/\/i0.wp.com\/www.heroesparkbeaconsfield.org\/fr\/wp-content\/uploads\/2014\/03\/2014-03-17_123131.jpg?resize=700%2C330&amp;ssl=1 700w, https:\/\/i0.wp.com\/www.heroesparkbeaconsfield.org\/fr\/wp-content\/uploads\/2014\/03\/2014-03-17_123131.jpg?resize=332%2C156&amp;ssl=1 332w\" sizes=\"(max-width: 660px) 100vw, 660px\" \/><figcaption id=\"caption-attachment-276\" class=\"wp-caption-text\">Le SPVM \u00e0 l\u2019honneur lors de la 4e \u00e9dition du Highland Dinner du Black Watch Royal Highland Regiment of Canada<\/figcaption><\/figure>\n<p>The Black Watch Royal Highland Regiment of Canada est l\u2019un des plus anciens r\u00e9giments de la Force de r\u00e9serve de l\u2019Arm\u00e9e canadienne au Qu\u00e9bec. \u00c0 chaque ann\u00e9e, le r\u00e9giment organise un souper dont l\u2019un des objectifs est de faire conna\u00eetre ses traditions r\u00e9gimentaires et les coutumes \u00e9cossaises aux membres de la communaut\u00e9 montr\u00e9alaise. Cet \u00e9v\u00e9nement annuel se d\u00e9roule au mess des officiers, dans un d\u00e9cor somptueux et sur une note empreinte d\u2019humour et de convivialit\u00e9. Le deuxi\u00e8me objectif vis\u00e9 dans le cadre du Highland Dinner est d\u2019appuyer des \u0153uvres de charit\u00e9 ou des activit\u00e9s citoyennes. Cette ann\u00e9e, le lieutenant colonel Christopher Phare, commandant du R\u00e9giment, a choisi d\u2019accorder son appui au projet du Comit\u00e9 des H\u00e9ros.<\/p>\n<p>En cette ann\u00e9e comm\u00e9morative de la Premi\u00e8re Grande Guerre, le Comit\u00e9 des H\u00e9ros s\u2019est donn\u00e9 comme mission d\u2019\u00e9riger un c\u00e9notaphe \u00e0 la m\u00e9moire de tous ceux et celles qui se sont sacrifi\u00e9s pour servir leur communaut\u00e9 et la Nation. Il s\u2019agit d\u2019une initiative unique et inclusive, puisqu\u2019elle se veut d\u2019honorer \u00e0 la fois v\u00e9t\u00e9rans, policiers, pompiers et premiers r\u00e9pondants. Le projet du Parc des H\u00e9ros est r\u00e9alis\u00e9 en collaboration avec la ville de Beaconsfield et Anciens Combattants Canada. Plus de 170 000 $ ont \u00e9t\u00e9 amass\u00e9s par le Comit\u00e9 des H\u00e9ros, sous la pr\u00e9sidence du major Richard Gratton de la 2e Division du Canada. Le c\u00e9notaphe sera b\u00e2ti dans la ville de Beaconsfield au printemps 2014 et le d\u00e9voilement officiel aura lieu en octobre de la m\u00eame ann\u00e9e.<\/p>\n<p>Ann\u00e9e apr\u00e8s ann\u00e9e, une personnalit\u00e9 de la communaut\u00e9 est honor\u00e9e \u00e0 l\u2019occasion du Highland Dinner. Cette ann\u00e9e, les membres du r\u00e9giment The Black Watch Royal Highland Regiment of Canada et ceux du Comit\u00e9 des H\u00e9ros ont honor\u00e9, \u00e0 sa grande surprise, M. Patrick Lalonde, assistant-directeur du Service \u00e0 la communaut\u00e9 de la r\u00e9gion Ouest du SPVM. Une centaine de militaires et de citoyens ont pris part \u00e0 la soir\u00e9e dont M. Georges Bourelle, le maire de Beaconsfield, ainsi que quelques d\u00e9put\u00e9s et gens d\u2019affaires de la r\u00e9gion.<\/p>\n<p>Pour en savoir plus sur le projet du Parc des H\u00e9ros : <a href=\"http:\/\/www.parcdesheros.org\" title=\"Parc des heros\">www.parcdesheros.org<\/a><\/p>\n<p>Source : Capitaine Jos\u00e9e Bilodeau, officier d\u2019Affaires publiques de la 2e Division du Canada<\/p>\n","protected":false},"excerpt":{"rendered":"<p>Le 15 f\u00e9vrier dernier, le SPVM a \u00e9t\u00e9 honor\u00e9 \u00e0 l\u2019occasion de la 4e \u00e9dition du Highland Dinner du Black Watch Royal Highland Regiment of Canada. En cette ann\u00e9e comm\u00e9morative de la Premi\u00e8re Grande Guerre, le R\u00e9giment a accord\u00e9 son appui au Comit\u00e9 des H\u00e9ros. \u00c0 l\u2019occasion de cette soir\u00e9e, &#8230;<\/p>\n","protected":false},"author":1,"featured_media":0,"comment_status":"open","ping_status":"open","sticky":false,"template":"","format":"standard","meta":{"jetpack_post_was_ever_published":false,"_jetpack_newsletter_access":"","_jetpack_dont_email_post_to_subs":false,"_jetpack_newsletter_tier_id":0,"_jetpack_memberships_contains_paywalled_content":false,"_jetpack_memberships_contains_paid_content":false,"footnotes":"","jetpack_publicize_message":"","jetpack_publicize_feature_enabled":true,"jetpack_social_post_already_shared":true,"jetpack_social_options":{"image_generator_settings":{"template":"highway","enabled":false},"version":2}},"categories":[2],"tags":[],"class_list":["post-275","post","type-post","status-publish","format-standard","hentry","category-nouvelles","column","twocol"],"jetpack_publicize_connections":[],"jetpack_featured_media_url":"","jetpack_shortlink":"https:\/\/wp.me\/p3DNsS-4r","jetpack_sharing_enabled":true,"_links":{"self":[{"href":"https:\/\/www.heroesparkbeaconsfield.org\/fr\/wp-json\/wp\/v2\/posts\/275","targetHints":{"allow":["GET"]}}],"collection":[{"href":"https:\/\/www.heroesparkbeaconsfield.org\/fr\/wp-json\/wp\/v2\/posts"}],"about":[{"href":"https:\/\/www.heroesparkbeaconsfield.org\/fr\/wp-json\/wp\/v2\/types\/post"}],"author":[{"embeddable":true,"href":"https:\/\/www.heroesparkbeaconsfield.org\/fr\/wp-json\/wp\/v2\/users\/1"}],"replies":[{"embeddable":true,"href":"https:\/\/www.heroesparkbeaconsfield.org\/fr\/wp-json\/wp\/v2\/comments?post=275"}],"version-history":[{"count":7,"href":"https:\/\/www.heroesparkbeaconsfield.org\/fr\/wp-json\/wp\/v2\/posts\/275\/revisions"}],"predecessor-version":[{"id":283,"href":"https:\/\/www.heroesparkbeaconsfield.org\/fr\/wp-json\/wp\/v2\/posts\/275\/revisions\/283"}],"wp:attachment":[{"href":"https:\/\/www.heroesparkbeaconsfield.org\/fr\/wp-json\/wp\/v2\/media?parent=275"}],"wp:term":[{"taxonomy":"category","embeddable":true,"href":"https:\/\/www.heroesparkbeaconsfield.org\/fr\/wp-json\/wp\/v2\/categories?post=275"},{"taxonomy":"post_tag","embeddable":true,"href":"https:\/\/www.heroesparkbeaconsfield.org\/fr\/wp-json\/wp\/v2\/tags?post=275"}],"curies":[{"name":"wp","href":"https:\/\/api.w.org\/{rel}","templated":true}]}}