{"id":446,"date":"2020-10-24T12:45:11","date_gmt":"2020-10-24T12:45:11","guid":{"rendered":"http:\/\/www.heroesparkbeaconsfield.org\/fr\/?p=446"},"modified":"2020-10-24T12:47:02","modified_gmt":"2020-10-24T12:47:02","slug":"notice-for-remembrance-ceremony-2020-avis-pour-la-ceremonie-du-jour-du-souvenir-2020","status":"publish","type":"post","link":"https:\/\/www.heroesparkbeaconsfield.org\/fr\/notice-for-remembrance-ceremony-2020-avis-pour-la-ceremonie-du-jour-du-souvenir-2020\/","title":{"rendered":"Notice for Remembrance ceremony 2020 \/  Avis pour la c\u00e9r\u00e9monie du Jour du Souvenir 2020"},"content":{"rendered":"<p><strong>Par respect \u00e0 la sant\u00e9 de nos v\u00e9t\u00e9rans et<span class=\"Apple-converted-space\">\u00a0<\/span><\/strong><strong>en accord avec les directives de la sant\u00e9 publique, <span class=\"Apple-converted-space\">\u00a0<\/span><\/strong><\/p>\n<p><strong>la Ville de Beaconsfield et le comit\u00e9 des H\u00e9ros<span class=\"Apple-converted-space\">\u00a0<\/span><\/strong><strong>ne feront pas de c\u00e9r\u00e9monie du Souvenir au<span class=\"Apple-converted-space\">\u00a0<\/span><\/strong><\/p>\n<p><strong>Parc des H\u00e9ros en novembre 2020.<span class=\"Apple-converted-space\">\u00a0<\/span><\/strong><strong>Nous vous invitons a voir le message du jour du <\/strong><\/p>\n<p><strong>Souvenir<span class=\"Apple-converted-space\">\u00a0<\/span><\/strong><strong>sur le site de la Ville et de suivre la c\u00e9r\u00e9monie nationale \u00e0 Ottawa.<\/strong><\/p>\n<p>&nbsp;<\/p>\n<p><strong>Respecting our veterans&#8217; health and<span class=\"Apple-converted-space\">\u00a0<\/span>in accordance with Public Health Directives,<span class=\"Apple-converted-space\">\u00a0<\/span><\/strong><\/p>\n<p><strong>the city of Beaconsfield and the Heroes Committee<span class=\"Apple-converted-space\">\u00a0<\/span>won&#8217;t do a Remembrance ceremony in<span class=\"Apple-converted-space\">\u00a0<\/span><\/strong><\/p>\n<p><strong>Heroes Park this November (2020) .<span class=\"Apple-converted-space\">\u00a0<\/span>We invite you to see the Remembrance message<span class=\"Apple-converted-space\">\u00a0<\/span><\/strong><\/p>\n<p><strong>on the city\u2019s web site and follow the national ceremony in Ottawa.<span class=\"Apple-converted-space\">\u00a0<\/span><\/strong><\/p>\n<p>&nbsp;<\/p>\n","protected":false},"excerpt":{"rendered":"<p>Par respect \u00e0 la sant\u00e9 de nos v\u00e9t\u00e9rans et\u00a0en accord avec les directives de la sant\u00e9 publique, \u00a0 la Ville de Beaconsfield et le comit\u00e9 des H\u00e9ros\u00a0ne feront pas de c\u00e9r\u00e9monie du Souvenir au\u00a0 Parc des H\u00e9ros en novembre 2020.\u00a0Nous vous invitons a voir le message du jour du Souvenir\u00a0sur &#8230;<\/p>\n","protected":false},"author":2,"featured_media":0,"comment_status":"open","ping_status":"open","sticky":false,"template":"","format":"standard","meta":{"jetpack_post_was_ever_published":false,"_jetpack_newsletter_access":"","_jetpack_dont_email_post_to_subs":false,"_jetpack_newsletter_tier_id":0,"_jetpack_memberships_contains_paywalled_content":false,"_jetpack_memberships_contains_paid_content":false,"footnotes":"","jetpack_publicize_message":"","jetpack_publicize_feature_enabled":true,"jetpack_social_post_already_shared":true,"jetpack_social_options":{"image_generator_settings":{"template":"highway","enabled":false},"version":2}},"categories":[2],"tags":[],"class_list":["post-446","post","type-post","status-publish","format-standard","hentry","category-nouvelles","column","twocol"],"jetpack_publicize_connections":[],"jetpack_featured_media_url":"","jetpack_shortlink":"https:\/\/wp.me\/p3DNsS-7c","jetpack_sharing_enabled":true,"_links":{"self":[{"href":"https:\/\/www.heroesparkbeaconsfield.org\/fr\/wp-json\/wp\/v2\/posts\/446","targetHints":{"allow":["GET"]}}],"collection":[{"href":"https:\/\/www.heroesparkbeaconsfield.org\/fr\/wp-json\/wp\/v2\/posts"}],"about":[{"href":"https:\/\/www.heroesparkbeaconsfield.org\/fr\/wp-json\/wp\/v2\/types\/post"}],"author":[{"embeddable":true,"href":"https:\/\/www.heroesparkbeaconsfield.org\/fr\/wp-json\/wp\/v2\/users\/2"}],"replies":[{"embeddable":true,"href":"https:\/\/www.heroesparkbeaconsfield.org\/fr\/wp-json\/wp\/v2\/comments?post=446"}],"version-history":[{"count":2,"href":"https:\/\/www.heroesparkbeaconsfield.org\/fr\/wp-json\/wp\/v2\/posts\/446\/revisions"}],"predecessor-version":[{"id":448,"href":"https:\/\/www.heroesparkbeaconsfield.org\/fr\/wp-json\/wp\/v2\/posts\/446\/revisions\/448"}],"wp:attachment":[{"href":"https:\/\/www.heroesparkbeaconsfield.org\/fr\/wp-json\/wp\/v2\/media?parent=446"}],"wp:term":[{"taxonomy":"category","embeddable":true,"href":"https:\/\/www.heroesparkbeaconsfield.org\/fr\/wp-json\/wp\/v2\/categories?post=446"},{"taxonomy":"post_tag","embeddable":true,"href":"https:\/\/www.heroesparkbeaconsfield.org\/fr\/wp-json\/wp\/v2\/tags?post=446"}],"curies":[{"name":"wp","href":"https:\/\/api.w.org\/{rel}","templated":true}]}}