{"id":455,"date":"2021-11-29T15:07:50","date_gmt":"2021-11-29T15:07:50","guid":{"rendered":"http:\/\/www.heroesparkbeaconsfield.org\/fr\/?p=455"},"modified":"2021-11-29T15:10:59","modified_gmt":"2021-11-29T15:10:59","slug":"journee-du-souvenir-2021-au-parc-des-heros","status":"publish","type":"post","link":"https:\/\/www.heroesparkbeaconsfield.org\/fr\/journee-du-souvenir-2021-au-parc-des-heros\/","title":{"rendered":"Journ\u00e9e du souvenir 2021 au Parc des H\u00e9ros"},"content":{"rendered":"<h5 id=\"tw-target-text\" class=\"tw-data-text tw-text-large tw-ta\" dir=\"ltr\" data-placeholder=\"Translation\"><span class=\"Y2IQFc\" lang=\"fr\"><span style=\"font-family: Tahoma;\"><img data-recalc-dims=\"1\" loading=\"lazy\" decoding=\"async\" data-attachment-id=\"456\" data-permalink=\"https:\/\/www.heroesparkbeaconsfield.org\/fr\/journee-du-souvenir-2021-au-parc-des-heros\/2021_11_11_major-richard-gratton_1\/\" data-orig-file=\"https:\/\/i0.wp.com\/www.heroesparkbeaconsfield.org\/fr\/wp-content\/uploads\/2021\/11\/2021_11_11_Major-Richard-Gratton_1.jpg?fit=1280%2C857&amp;ssl=1\" data-orig-size=\"1280,857\" data-comments-opened=\"1\" data-image-meta=\"{&quot;aperture&quot;:&quot;0&quot;,&quot;credit&quot;:&quot;&quot;,&quot;camera&quot;:&quot;&quot;,&quot;caption&quot;:&quot;&quot;,&quot;created_timestamp&quot;:&quot;0&quot;,&quot;copyright&quot;:&quot;&quot;,&quot;focal_length&quot;:&quot;0&quot;,&quot;iso&quot;:&quot;0&quot;,&quot;shutter_speed&quot;:&quot;0&quot;,&quot;title&quot;:&quot;&quot;,&quot;orientation&quot;:&quot;0&quot;}\" data-image-title=\"2021_11_11_Major Richard Gratton_1\" data-image-description=\"\" data-image-caption=\"\" data-medium-file=\"https:\/\/i0.wp.com\/www.heroesparkbeaconsfield.org\/fr\/wp-content\/uploads\/2021\/11\/2021_11_11_Major-Richard-Gratton_1.jpg?fit=300%2C201&amp;ssl=1\" data-large-file=\"https:\/\/i0.wp.com\/www.heroesparkbeaconsfield.org\/fr\/wp-content\/uploads\/2021\/11\/2021_11_11_Major-Richard-Gratton_1.jpg?fit=660%2C442&amp;ssl=1\" class=\"alignnone size-medium wp-image-456\" src=\"https:\/\/i0.wp.com\/www.heroesparkbeaconsfield.org\/fr\/wp-content\/uploads\/2021\/11\/2021_11_11_Major-Richard-Gratton_1.jpg?resize=300%2C201\" alt=\"\" width=\"300\" height=\"201\" srcset=\"https:\/\/i0.wp.com\/www.heroesparkbeaconsfield.org\/fr\/wp-content\/uploads\/2021\/11\/2021_11_11_Major-Richard-Gratton_1.jpg?resize=300%2C201&amp;ssl=1 300w, https:\/\/i0.wp.com\/www.heroesparkbeaconsfield.org\/fr\/wp-content\/uploads\/2021\/11\/2021_11_11_Major-Richard-Gratton_1.jpg?resize=1024%2C686&amp;ssl=1 1024w, https:\/\/i0.wp.com\/www.heroesparkbeaconsfield.org\/fr\/wp-content\/uploads\/2021\/11\/2021_11_11_Major-Richard-Gratton_1.jpg?resize=768%2C514&amp;ssl=1 768w, https:\/\/i0.wp.com\/www.heroesparkbeaconsfield.org\/fr\/wp-content\/uploads\/2021\/11\/2021_11_11_Major-Richard-Gratton_1.jpg?resize=700%2C469&amp;ssl=1 700w, https:\/\/i0.wp.com\/www.heroesparkbeaconsfield.org\/fr\/wp-content\/uploads\/2021\/11\/2021_11_11_Major-Richard-Gratton_1.jpg?resize=332%2C222&amp;ssl=1 332w, https:\/\/i0.wp.com\/www.heroesparkbeaconsfield.org\/fr\/wp-content\/uploads\/2021\/11\/2021_11_11_Major-Richard-Gratton_1.jpg?w=1280&amp;ssl=1 1280w\" sizes=\"auto, (max-width: 300px) 100vw, 300px\" \/><\/span><\/span><\/h5>\n<h5 id=\"tw-target-text\" class=\"tw-data-text tw-text-large tw-ta\" dir=\"ltr\" data-placeholder=\"Translation\"><span class=\"Y2IQFc\" lang=\"fr\"><span style=\"font-family: Tahoma;\">Nous avons v\u00e9ritablement pass\u00e9 le flambeau \u00e0 nos jeunes ici pr\u00e9sents aujou<\/span><\/span><span class=\"Y2IQFc\" lang=\"fr\"><span style=\"font-family: Tahoma;\">rd&#8217;hui. Merci pour votre participation et nous esp\u00e9rons que votre g\u00e9n\u00e9ration, dans les ann\u00e9es \u00e0 venir, continuera \u00e0 garder nos anciens combattants au premier plan chaque ann\u00e9e, se souvenant des sacrifices qu\u2019ils ont faits pour le Canada. Merci \u00e0 la Ville de Beaconsfield, \u00e0 l\u2019\u00c9cole Pr\u00e9maire St Remi, \u00e0 l\u2019\u00e9cole Christmas Park, \u00e0 l&#8217;<\/span><\/span><span class=\"Y2IQFc\" lang=\"fr\"><span style=\"font-family: Tahoma;\">\u00e9cole secondaire John Rennie, \u00e0 l&#8217;\u00e9cole secondaire Beaconsfield et \u00e0 tous ceux qui ont contribu\u00e9 \u00e0 faire d&#8217;a<\/span><\/span><span class=\"Y2IQFc\" lang=\"fr\"><span style=\"font-family: Tahoma;\">ujourd&#8217;hui une v\u00e9ritable journ\u00e9e du Souvenir. Nous nous souviendrons d&#8217;eux.<\/span><\/span><\/h5>\n","protected":false},"excerpt":{"rendered":"<p>Nous avons v\u00e9ritablement pass\u00e9 le flambeau \u00e0 nos jeunes ici pr\u00e9sents aujourd&#8217;hui. Merci pour votre participation et nous esp\u00e9rons que votre g\u00e9n\u00e9ration, dans les ann\u00e9es \u00e0 venir, continuera \u00e0 garder nos anciens combattants au premier plan chaque ann\u00e9e, se souvenant des sacrifices qu\u2019ils ont faits pour le Canada. Merci \u00e0 &#8230;<\/p>\n","protected":false},"author":2,"featured_media":0,"comment_status":"open","ping_status":"open","sticky":false,"template":"","format":"standard","meta":{"jetpack_post_was_ever_published":false,"_jetpack_newsletter_access":"","_jetpack_dont_email_post_to_subs":false,"_jetpack_newsletter_tier_id":0,"_jetpack_memberships_contains_paywalled_content":false,"_jetpack_memberships_contains_paid_content":false,"footnotes":"","jetpack_publicize_message":"","jetpack_publicize_feature_enabled":true,"jetpack_social_post_already_shared":true,"jetpack_social_options":{"image_generator_settings":{"template":"highway","enabled":false},"version":2}},"categories":[2],"tags":[],"class_list":["post-455","post","type-post","status-publish","format-standard","hentry","category-nouvelles","column","twocol"],"jetpack_publicize_connections":[],"jetpack_featured_media_url":"","jetpack_shortlink":"https:\/\/wp.me\/p3DNsS-7l","jetpack_sharing_enabled":true,"_links":{"self":[{"href":"https:\/\/www.heroesparkbeaconsfield.org\/fr\/wp-json\/wp\/v2\/posts\/455","targetHints":{"allow":["GET"]}}],"collection":[{"href":"https:\/\/www.heroesparkbeaconsfield.org\/fr\/wp-json\/wp\/v2\/posts"}],"about":[{"href":"https:\/\/www.heroesparkbeaconsfield.org\/fr\/wp-json\/wp\/v2\/types\/post"}],"author":[{"embeddable":true,"href":"https:\/\/www.heroesparkbeaconsfield.org\/fr\/wp-json\/wp\/v2\/users\/2"}],"replies":[{"embeddable":true,"href":"https:\/\/www.heroesparkbeaconsfield.org\/fr\/wp-json\/wp\/v2\/comments?post=455"}],"version-history":[{"count":1,"href":"https:\/\/www.heroesparkbeaconsfield.org\/fr\/wp-json\/wp\/v2\/posts\/455\/revisions"}],"predecessor-version":[{"id":457,"href":"https:\/\/www.heroesparkbeaconsfield.org\/fr\/wp-json\/wp\/v2\/posts\/455\/revisions\/457"}],"wp:attachment":[{"href":"https:\/\/www.heroesparkbeaconsfield.org\/fr\/wp-json\/wp\/v2\/media?parent=455"}],"wp:term":[{"taxonomy":"category","embeddable":true,"href":"https:\/\/www.heroesparkbeaconsfield.org\/fr\/wp-json\/wp\/v2\/categories?post=455"},{"taxonomy":"post_tag","embeddable":true,"href":"https:\/\/www.heroesparkbeaconsfield.org\/fr\/wp-json\/wp\/v2\/tags?post=455"}],"curies":[{"name":"wp","href":"https:\/\/api.w.org\/{rel}","templated":true}]}}